{"id":2501,"date":"2026-01-31T15:55:47","date_gmt":"2026-01-31T20:55:47","guid":{"rendered":"https:\/\/biocirculo.com\/?p=2501"},"modified":"2026-03-10T16:02:10","modified_gmt":"2026-03-10T21:02:10","slug":"asi-vivimos-la-semana-ambiental-en-el-jardin-botanico-de-bogota","status":"publish","type":"post","link":"https:\/\/biocirculo.com\/en\/asi-vivimos-la-semana-ambiental-en-el-jardin-botanico-de-bogota\/","title":{"rendered":"This is how we experienced Environmental Week at the Botanical Garden"},"content":{"rendered":"<p>Nine people enjoyed tickets to Environmental Week at the Botanical Garden, in partnership with the District Secretariat of the Environment (SDA). It was a day of learning, meeting, and connecting with nature.<\/p>\n\n\n\n<p>During the tour, educational games were set up where the Sustainable Action Mode Foundation raised awareness among visitors about the importance of sustainability and caring for the environment. Children also had a special experience: they learned about some of Bogot\u00e1's representative species and participated in face painting activities that made learning fun.<\/p>\n\n\n\n<p>Midway through the tour, a narrator shared the history of humanity and its relationship with the environment, prompting reflection on our role in protecting the planet. In total, ten activities were held during this day, connecting participants with the different environmental components of Bogot\u00e1.<\/p>\n\n\n\n<p>We invite you to be part of this community that learns, participates, and acts for a more sustainable future. Register at comunidad.biocirculo.com.<\/p>\n\n\n\n<p><\/p>","protected":false},"excerpt":{"rendered":"<p>9 personas disfrutaron de las entradas para la Semana Ambiental del Jard\u00edn Bot\u00e1nico, en articulaci\u00f3n con la Secretar\u00eda Distrital de Ambiente (SDA). Fue una jornada de aprendizaje, encuentro y conexi\u00f3n con la naturaleza. Durante el recorrido se desarrollaron espacios de juegos did\u00e1cticos en los que la Fundaci\u00f3n Modo Acci\u00f3n Sostenible sensibiliz\u00f3 a los visitantes sobre [&hellip;]<\/p>","protected":false},"author":7,"featured_media":2503,"comment_status":"open","ping_status":"open","sticky":false,"template":"","format":"standard","meta":{"_monsterinsights_skip_tracking":false,"_monsterinsights_sitenote_active":false,"_monsterinsights_sitenote_note":"","_monsterinsights_sitenote_category":0,"_uf_show_specific_survey":0,"_uf_disable_surveys":false,"footnotes":""},"categories":[26,28,25],"tags":[56,83,149,150,151],"class_list":["post-2501","post","type-post","status-publish","format-standard","has-post-thumbnail","hentry","category-consumidores","category-empresas","category-noticias","tag-biocirculo","tag-educacion-ambiental","tag-jardin-botanico-de-bogota","tag-jose-celestino-mutis","tag-semana-ambienta"],"yoast_head":"<!-- This site is optimized with the Yoast SEO plugin v27.2 - https:\/\/yoast.com\/product\/yoast-seo-wordpress\/ -->\n<title>As\u00ed vivimos la Semana Ambiental en el Jard\u00edn Bot\u00e1nico de Bogot\u00e1 - Biocirculo<\/title>\n<meta name=\"description\" content=\"\u00a1Gracias a los 48 asistentes que hicieron posible nuestra sembrat\u00f3n en el embalse del Sisga, Chocont\u00e1! Durante la jornada, plantamos 60 \u00e1rboles nativos que ayudar\u00e1n a revitalizar nuestro ecosistema: 30 \u00e1rboles de Array\u00e1n, 20 de Hayuelo y 10 de Espino.\" \/>\n<meta name=\"robots\" content=\"index, follow, max-snippet:-1, max-image-preview:large, max-video-preview:-1\" \/>\n<link rel=\"canonical\" href=\"https:\/\/biocirculo.com\/en\/asi-vivimos-la-semana-ambiental-en-el-jardin-botanico-de-bogota\/\" \/>\n<meta property=\"og:locale\" content=\"en_US\" \/>\n<meta property=\"og:type\" content=\"article\" \/>\n<meta property=\"og:title\" content=\"As\u00ed vivimos la Semana Ambiental en el Jard\u00edn Bot\u00e1nico de Bogot\u00e1 - Biocirculo\" \/>\n<meta property=\"og:description\" content=\"\u00a1Gracias a los 48 asistentes que hicieron posible nuestra sembrat\u00f3n en el embalse del Sisga, Chocont\u00e1! Durante la jornada, plantamos 60 \u00e1rboles nativos que ayudar\u00e1n a revitalizar nuestro ecosistema: 30 \u00e1rboles de Array\u00e1n, 20 de Hayuelo y 10 de Espino.\" \/>\n<meta property=\"og:url\" content=\"https:\/\/biocirculo.com\/en\/asi-vivimos-la-semana-ambiental-en-el-jardin-botanico-de-bogota\/\" \/>\n<meta property=\"og:site_name\" content=\"Biocirculo\" \/>\n<meta property=\"article:publisher\" content=\"https:\/\/www.facebook.com\/biocirculo\" \/>\n<meta property=\"article:published_time\" content=\"2026-01-31T20:55:47+00:00\" \/>\n<meta property=\"article:modified_time\" content=\"2026-03-10T21:02:10+00:00\" \/>\n<meta property=\"og:image\" content=\"https:\/\/biocirculo.com\/wp-content\/uploads\/2026\/01\/Imagen1.jpg\" \/>\n\t<meta property=\"og:image:width\" content=\"1442\" \/>\n\t<meta property=\"og:image:height\" content=\"1082\" \/>\n\t<meta property=\"og:image:type\" content=\"image\/jpeg\" \/>\n<meta name=\"author\" content=\"Analista Sostenibilidad\" \/>\n<meta name=\"twitter:card\" content=\"summary_large_image\" \/>\n<meta name=\"twitter:label1\" content=\"Written by\" \/>\n\t<meta name=\"twitter:data1\" content=\"Analista Sostenibilidad\" \/>\n\t<meta name=\"twitter:label2\" content=\"Est. reading time\" \/>\n\t<meta name=\"twitter:data2\" content=\"1 minute\" \/>\n<script type=\"application\/ld+json\" class=\"yoast-schema-graph\">{\"@context\":\"https:\/\/schema.org\",\"@graph\":[{\"@type\":\"Article\",\"@id\":\"https:\/\/biocirculo.com\/asi-vivimos-la-semana-ambiental-en-el-jardin-botanico-de-bogota\/#article\",\"isPartOf\":{\"@id\":\"https:\/\/biocirculo.com\/asi-vivimos-la-semana-ambiental-en-el-jardin-botanico-de-bogota\/\"},\"author\":{\"name\":\"Analista Sostenibilidad\",\"@id\":\"https:\/\/biocirculo.com\/en\/#\/schema\/person\/3097a64c85fe2ed595cf41206988f2d2\"},\"headline\":\"As\u00ed vivimos la Semana Ambiental en el Jard\u00edn Bot\u00e1nico de Bogot\u00e1\",\"datePublished\":\"2026-01-31T20:55:47+00:00\",\"dateModified\":\"2026-03-10T21:02:10+00:00\",\"mainEntityOfPage\":{\"@id\":\"https:\/\/biocirculo.com\/asi-vivimos-la-semana-ambiental-en-el-jardin-botanico-de-bogota\/\"},\"wordCount\":192,\"commentCount\":0,\"publisher\":{\"@id\":\"https:\/\/biocirculo.com\/en\/#organization\"},\"image\":{\"@id\":\"https:\/\/biocirculo.com\/asi-vivimos-la-semana-ambiental-en-el-jardin-botanico-de-bogota\/#primaryimage\"},\"thumbnailUrl\":\"https:\/\/biocirculo.com\/wp-content\/uploads\/2026\/01\/Imagen1.jpg\",\"keywords\":[\"biocirculo\",\"educaci\u00f3n ambiental\",\"Jard\u00edn Bot\u00e1nico de Bogot\u00e1\",\"Jos\u00e9 celestino Mutis\",\"semana ambienta\"],\"articleSection\":[\"Consumidores\",\"Empresas\",\"Noticias\"],\"inLanguage\":\"en-US\",\"potentialAction\":[{\"@type\":\"CommentAction\",\"name\":\"Comment\",\"target\":[\"https:\/\/biocirculo.com\/asi-vivimos-la-semana-ambiental-en-el-jardin-botanico-de-bogota\/#respond\"]}]},{\"@type\":\"WebPage\",\"@id\":\"https:\/\/biocirculo.com\/asi-vivimos-la-semana-ambiental-en-el-jardin-botanico-de-bogota\/\",\"url\":\"https:\/\/biocirculo.com\/asi-vivimos-la-semana-ambiental-en-el-jardin-botanico-de-bogota\/\",\"name\":\"As\u00ed vivimos la Semana Ambiental en el Jard\u00edn Bot\u00e1nico de Bogot\u00e1 - Biocirculo\",\"isPartOf\":{\"@id\":\"https:\/\/biocirculo.com\/en\/#website\"},\"primaryImageOfPage\":{\"@id\":\"https:\/\/biocirculo.com\/asi-vivimos-la-semana-ambiental-en-el-jardin-botanico-de-bogota\/#primaryimage\"},\"image\":{\"@id\":\"https:\/\/biocirculo.com\/asi-vivimos-la-semana-ambiental-en-el-jardin-botanico-de-bogota\/#primaryimage\"},\"thumbnailUrl\":\"https:\/\/biocirculo.com\/wp-content\/uploads\/2026\/01\/Imagen1.jpg\",\"datePublished\":\"2026-01-31T20:55:47+00:00\",\"dateModified\":\"2026-03-10T21:02:10+00:00\",\"description\":\"\u00a1Gracias a los 48 asistentes que hicieron posible nuestra sembrat\u00f3n en el embalse del Sisga, Chocont\u00e1! Durante la jornada, plantamos 60 \u00e1rboles nativos que ayudar\u00e1n a revitalizar nuestro ecosistema: 30 \u00e1rboles de Array\u00e1n, 20 de Hayuelo y 10 de Espino.\",\"breadcrumb\":{\"@id\":\"https:\/\/biocirculo.com\/asi-vivimos-la-semana-ambiental-en-el-jardin-botanico-de-bogota\/#breadcrumb\"},\"inLanguage\":\"en-US\",\"potentialAction\":[{\"@type\":\"ReadAction\",\"target\":[\"https:\/\/biocirculo.com\/asi-vivimos-la-semana-ambiental-en-el-jardin-botanico-de-bogota\/\"]}]},{\"@type\":\"ImageObject\",\"inLanguage\":\"en-US\",\"@id\":\"https:\/\/biocirculo.com\/asi-vivimos-la-semana-ambiental-en-el-jardin-botanico-de-bogota\/#primaryimage\",\"url\":\"https:\/\/biocirculo.com\/wp-content\/uploads\/2026\/01\/Imagen1.jpg\",\"contentUrl\":\"https:\/\/biocirculo.com\/wp-content\/uploads\/2026\/01\/Imagen1.jpg\",\"width\":1442,\"height\":1082},{\"@type\":\"BreadcrumbList\",\"@id\":\"https:\/\/biocirculo.com\/asi-vivimos-la-semana-ambiental-en-el-jardin-botanico-de-bogota\/#breadcrumb\",\"itemListElement\":[{\"@type\":\"ListItem\",\"position\":1,\"name\":\"Portada\",\"item\":\"https:\/\/biocirculo.com\/\"},{\"@type\":\"ListItem\",\"position\":2,\"name\":\"As\u00ed vivimos la Semana Ambiental en el Jard\u00edn Bot\u00e1nico de Bogot\u00e1\"}]},{\"@type\":\"WebSite\",\"@id\":\"https:\/\/biocirculo.com\/en\/#website\",\"url\":\"https:\/\/biocirculo.com\/en\/\",\"name\":\"Biocirculo\",\"description\":\"descripci\u00f3n empresa de reciclaje\",\"publisher\":{\"@id\":\"https:\/\/biocirculo.com\/en\/#organization\"},\"potentialAction\":[{\"@type\":\"SearchAction\",\"target\":{\"@type\":\"EntryPoint\",\"urlTemplate\":\"https:\/\/biocirculo.com\/en\/?s={search_term_string}\"},\"query-input\":{\"@type\":\"PropertyValueSpecification\",\"valueRequired\":true,\"valueName\":\"search_term_string\"}}],\"inLanguage\":\"en-US\"},{\"@type\":\"Organization\",\"@id\":\"https:\/\/biocirculo.com\/en\/#organization\",\"name\":\"Biocirculo\",\"url\":\"https:\/\/biocirculo.com\/en\/\",\"logo\":{\"@type\":\"ImageObject\",\"inLanguage\":\"en-US\",\"@id\":\"https:\/\/biocirculo.com\/en\/#\/schema\/logo\/image\/\",\"url\":\"https:\/\/biocirculo.com\/wp-content\/uploads\/2024\/05\/Logo-Biocirculo-ok.svg\",\"contentUrl\":\"https:\/\/biocirculo.com\/wp-content\/uploads\/2024\/05\/Logo-Biocirculo-ok.svg\",\"width\":476.80000000000001136868377216160297393798828125,\"height\":121.5,\"caption\":\"Biocirculo\"},\"image\":{\"@id\":\"https:\/\/biocirculo.com\/en\/#\/schema\/logo\/image\/\"},\"sameAs\":[\"https:\/\/www.facebook.com\/biocirculo\",\"https:\/\/www.instagram.com\/comunidad_biocirculo\/?hl=es\"]},{\"@type\":\"Person\",\"@id\":\"https:\/\/biocirculo.com\/en\/#\/schema\/person\/3097a64c85fe2ed595cf41206988f2d2\",\"name\":\"Analista Sostenibilidad\",\"image\":{\"@type\":\"ImageObject\",\"inLanguage\":\"en-US\",\"@id\":\"https:\/\/secure.gravatar.com\/avatar\/fbb4b642d4b1809f945dda722402bab879bf2af37a16bb9a7c9352152ccb899e?s=96&d=mm&r=g\",\"url\":\"https:\/\/secure.gravatar.com\/avatar\/fbb4b642d4b1809f945dda722402bab879bf2af37a16bb9a7c9352152ccb899e?s=96&d=mm&r=g\",\"contentUrl\":\"https:\/\/secure.gravatar.com\/avatar\/fbb4b642d4b1809f945dda722402bab879bf2af37a16bb9a7c9352152ccb899e?s=96&d=mm&r=g\",\"caption\":\"Analista Sostenibilidad\"},\"url\":\"https:\/\/biocirculo.com\/en\/author\/analista-sostenibilidad\/\"}]}<\/script>\n<!-- \/ Yoast SEO plugin. -->","yoast_head_json":{"title":"As\u00ed vivimos la Semana Ambiental en el Jard\u00edn Bot\u00e1nico de Bogot\u00e1 - Biocirculo","description":"\u00a1Gracias a los 48 asistentes que hicieron posible nuestra sembrat\u00f3n en el embalse del Sisga, Chocont\u00e1! Durante la jornada, plantamos 60 \u00e1rboles nativos que ayudar\u00e1n a revitalizar nuestro ecosistema: 30 \u00e1rboles de Array\u00e1n, 20 de Hayuelo y 10 de Espino.","robots":{"index":"index","follow":"follow","max-snippet":"max-snippet:-1","max-image-preview":"max-image-preview:large","max-video-preview":"max-video-preview:-1"},"canonical":"https:\/\/biocirculo.com\/en\/asi-vivimos-la-semana-ambiental-en-el-jardin-botanico-de-bogota\/","og_locale":"en_US","og_type":"article","og_title":"As\u00ed vivimos la Semana Ambiental en el Jard\u00edn Bot\u00e1nico de Bogot\u00e1 - Biocirculo","og_description":"\u00a1Gracias a los 48 asistentes que hicieron posible nuestra sembrat\u00f3n en el embalse del Sisga, Chocont\u00e1! Durante la jornada, plantamos 60 \u00e1rboles nativos que ayudar\u00e1n a revitalizar nuestro ecosistema: 30 \u00e1rboles de Array\u00e1n, 20 de Hayuelo y 10 de Espino.","og_url":"https:\/\/biocirculo.com\/en\/asi-vivimos-la-semana-ambiental-en-el-jardin-botanico-de-bogota\/","og_site_name":"Biocirculo","article_publisher":"https:\/\/www.facebook.com\/biocirculo","article_published_time":"2026-01-31T20:55:47+00:00","article_modified_time":"2026-03-10T21:02:10+00:00","og_image":[{"width":1442,"height":1082,"url":"https:\/\/biocirculo.com\/wp-content\/uploads\/2026\/01\/Imagen1.jpg","type":"image\/jpeg"}],"author":"Analista Sostenibilidad","twitter_card":"summary_large_image","twitter_misc":{"Written by":"Analista Sostenibilidad","Est. reading time":"1 minute"},"schema":{"@context":"https:\/\/schema.org","@graph":[{"@type":"Article","@id":"https:\/\/biocirculo.com\/asi-vivimos-la-semana-ambiental-en-el-jardin-botanico-de-bogota\/#article","isPartOf":{"@id":"https:\/\/biocirculo.com\/asi-vivimos-la-semana-ambiental-en-el-jardin-botanico-de-bogota\/"},"author":{"name":"Analista Sostenibilidad","@id":"https:\/\/biocirculo.com\/en\/#\/schema\/person\/3097a64c85fe2ed595cf41206988f2d2"},"headline":"As\u00ed vivimos la Semana Ambiental en el Jard\u00edn Bot\u00e1nico de Bogot\u00e1","datePublished":"2026-01-31T20:55:47+00:00","dateModified":"2026-03-10T21:02:10+00:00","mainEntityOfPage":{"@id":"https:\/\/biocirculo.com\/asi-vivimos-la-semana-ambiental-en-el-jardin-botanico-de-bogota\/"},"wordCount":192,"commentCount":0,"publisher":{"@id":"https:\/\/biocirculo.com\/en\/#organization"},"image":{"@id":"https:\/\/biocirculo.com\/asi-vivimos-la-semana-ambiental-en-el-jardin-botanico-de-bogota\/#primaryimage"},"thumbnailUrl":"https:\/\/biocirculo.com\/wp-content\/uploads\/2026\/01\/Imagen1.jpg","keywords":["biocirculo","educaci\u00f3n ambiental","Jard\u00edn Bot\u00e1nico de Bogot\u00e1","Jos\u00e9 celestino Mutis","semana ambienta"],"articleSection":["Consumidores","Empresas","Noticias"],"inLanguage":"en-US","potentialAction":[{"@type":"CommentAction","name":"Comment","target":["https:\/\/biocirculo.com\/asi-vivimos-la-semana-ambiental-en-el-jardin-botanico-de-bogota\/#respond"]}]},{"@type":"WebPage","@id":"https:\/\/biocirculo.com\/asi-vivimos-la-semana-ambiental-en-el-jardin-botanico-de-bogota\/","url":"https:\/\/biocirculo.com\/asi-vivimos-la-semana-ambiental-en-el-jardin-botanico-de-bogota\/","name":"As\u00ed vivimos la Semana Ambiental en el Jard\u00edn Bot\u00e1nico de Bogot\u00e1 - Biocirculo","isPartOf":{"@id":"https:\/\/biocirculo.com\/en\/#website"},"primaryImageOfPage":{"@id":"https:\/\/biocirculo.com\/asi-vivimos-la-semana-ambiental-en-el-jardin-botanico-de-bogota\/#primaryimage"},"image":{"@id":"https:\/\/biocirculo.com\/asi-vivimos-la-semana-ambiental-en-el-jardin-botanico-de-bogota\/#primaryimage"},"thumbnailUrl":"https:\/\/biocirculo.com\/wp-content\/uploads\/2026\/01\/Imagen1.jpg","datePublished":"2026-01-31T20:55:47+00:00","dateModified":"2026-03-10T21:02:10+00:00","description":"\u00a1Gracias a los 48 asistentes que hicieron posible nuestra sembrat\u00f3n en el embalse del Sisga, Chocont\u00e1! Durante la jornada, plantamos 60 \u00e1rboles nativos que ayudar\u00e1n a revitalizar nuestro ecosistema: 30 \u00e1rboles de Array\u00e1n, 20 de Hayuelo y 10 de Espino.","breadcrumb":{"@id":"https:\/\/biocirculo.com\/asi-vivimos-la-semana-ambiental-en-el-jardin-botanico-de-bogota\/#breadcrumb"},"inLanguage":"en-US","potentialAction":[{"@type":"ReadAction","target":["https:\/\/biocirculo.com\/asi-vivimos-la-semana-ambiental-en-el-jardin-botanico-de-bogota\/"]}]},{"@type":"ImageObject","inLanguage":"en-US","@id":"https:\/\/biocirculo.com\/asi-vivimos-la-semana-ambiental-en-el-jardin-botanico-de-bogota\/#primaryimage","url":"https:\/\/biocirculo.com\/wp-content\/uploads\/2026\/01\/Imagen1.jpg","contentUrl":"https:\/\/biocirculo.com\/wp-content\/uploads\/2026\/01\/Imagen1.jpg","width":1442,"height":1082},{"@type":"BreadcrumbList","@id":"https:\/\/biocirculo.com\/asi-vivimos-la-semana-ambiental-en-el-jardin-botanico-de-bogota\/#breadcrumb","itemListElement":[{"@type":"ListItem","position":1,"name":"Portada","item":"https:\/\/biocirculo.com\/"},{"@type":"ListItem","position":2,"name":"As\u00ed vivimos la Semana Ambiental en el Jard\u00edn Bot\u00e1nico de Bogot\u00e1"}]},{"@type":"WebSite","@id":"https:\/\/biocirculo.com\/en\/#website","url":"https:\/\/biocirculo.com\/en\/","name":"Biocirculo","description":"descripci\u00f3n empresa de reciclaje","publisher":{"@id":"https:\/\/biocirculo.com\/en\/#organization"},"potentialAction":[{"@type":"SearchAction","target":{"@type":"EntryPoint","urlTemplate":"https:\/\/biocirculo.com\/en\/?s={search_term_string}"},"query-input":{"@type":"PropertyValueSpecification","valueRequired":true,"valueName":"search_term_string"}}],"inLanguage":"en-US"},{"@type":"Organization","@id":"https:\/\/biocirculo.com\/en\/#organization","name":"Biocirculo","url":"https:\/\/biocirculo.com\/en\/","logo":{"@type":"ImageObject","inLanguage":"en-US","@id":"https:\/\/biocirculo.com\/en\/#\/schema\/logo\/image\/","url":"https:\/\/biocirculo.com\/wp-content\/uploads\/2024\/05\/Logo-Biocirculo-ok.svg","contentUrl":"https:\/\/biocirculo.com\/wp-content\/uploads\/2024\/05\/Logo-Biocirculo-ok.svg","width":476.80000000000001136868377216160297393798828125,"height":121.5,"caption":"Biocirculo"},"image":{"@id":"https:\/\/biocirculo.com\/en\/#\/schema\/logo\/image\/"},"sameAs":["https:\/\/www.facebook.com\/biocirculo","https:\/\/www.instagram.com\/comunidad_biocirculo\/?hl=es"]},{"@type":"Person","@id":"https:\/\/biocirculo.com\/en\/#\/schema\/person\/3097a64c85fe2ed595cf41206988f2d2","name":"Analista Sostenibilidad","image":{"@type":"ImageObject","inLanguage":"en-US","@id":"https:\/\/secure.gravatar.com\/avatar\/fbb4b642d4b1809f945dda722402bab879bf2af37a16bb9a7c9352152ccb899e?s=96&d=mm&r=g","url":"https:\/\/secure.gravatar.com\/avatar\/fbb4b642d4b1809f945dda722402bab879bf2af37a16bb9a7c9352152ccb899e?s=96&d=mm&r=g","contentUrl":"https:\/\/secure.gravatar.com\/avatar\/fbb4b642d4b1809f945dda722402bab879bf2af37a16bb9a7c9352152ccb899e?s=96&d=mm&r=g","caption":"Analista Sostenibilidad"},"url":"https:\/\/biocirculo.com\/en\/author\/analista-sostenibilidad\/"}]}},"_links":{"self":[{"href":"https:\/\/biocirculo.com\/en\/wp-json\/wp\/v2\/posts\/2501","targetHints":{"allow":["GET"]}}],"collection":[{"href":"https:\/\/biocirculo.com\/en\/wp-json\/wp\/v2\/posts"}],"about":[{"href":"https:\/\/biocirculo.com\/en\/wp-json\/wp\/v2\/types\/post"}],"author":[{"embeddable":true,"href":"https:\/\/biocirculo.com\/en\/wp-json\/wp\/v2\/users\/7"}],"replies":[{"embeddable":true,"href":"https:\/\/biocirculo.com\/en\/wp-json\/wp\/v2\/comments?post=2501"}],"version-history":[{"count":2,"href":"https:\/\/biocirculo.com\/en\/wp-json\/wp\/v2\/posts\/2501\/revisions"}],"predecessor-version":[{"id":2504,"href":"https:\/\/biocirculo.com\/en\/wp-json\/wp\/v2\/posts\/2501\/revisions\/2504"}],"wp:featuredmedia":[{"embeddable":true,"href":"https:\/\/biocirculo.com\/en\/wp-json\/wp\/v2\/media\/2503"}],"wp:attachment":[{"href":"https:\/\/biocirculo.com\/en\/wp-json\/wp\/v2\/media?parent=2501"}],"wp:term":[{"taxonomy":"category","embeddable":true,"href":"https:\/\/biocirculo.com\/en\/wp-json\/wp\/v2\/categories?post=2501"},{"taxonomy":"post_tag","embeddable":true,"href":"https:\/\/biocirculo.com\/en\/wp-json\/wp\/v2\/tags?post=2501"}],"curies":[{"name":"wp","href":"https:\/\/api.w.org\/{rel}","templated":true}]}}