{"id":880,"date":"2024-05-18T03:47:07","date_gmt":"2024-05-18T03:47:07","guid":{"rendered":"https:\/\/2biocirculo2024.inkrementaldev.co\/?p=880"},"modified":"2024-07-03T20:14:54","modified_gmt":"2024-07-03T20:14:54","slug":"caminata-por-el-parque-ecologico-entre-nubes","status":"publish","type":"post","link":"https:\/\/biocirculo.com\/en\/caminata-por-el-parque-ecologico-entre-nubes\/","title":{"rendered":"Hike at Entre Nubes Ecological Park"},"content":{"rendered":"<p>Here\u2019s how we experienced the hike at Entre Nubes Park! 23 participants from the Biocirculo Community joined us. For 2 hours, we explored nature-filled trails where we encountered various species of trees, mammals, birds, and reptiles. We also explored ecosystems like wetlands, forests, and subparamo. From a beautiful lookout point, we were able to see the city. With the guidance of environmental experts, we learned about the importance of these natural areas dedicated to conservation, such as Entre Nubes Ecological Park, located between the neighborhoods of Rafael Uribe Uribe, San Crist\u00f3bal, and Usme. Visit these natural spaces filled with biodiversity with the Biocirculo Community without having to travel far from Bogot\u00e1. <\/p>\n\n\n\n<p><strong><a href=\"https:\/\/comunidad.biocirculo.com\/Registrarme\" data-type=\"page\" data-id=\"354\" target=\"_blank\" rel=\"noreferrer noopener\">\u00a1Reg\u00edstrate en nuestra comunidad e inscr\u00edbete a nuestras pr\u00f3ximas experiencias!<\/a><\/strong><\/p>","protected":false},"excerpt":{"rendered":"<p>\u00a1As\u00ed vivimos la caminata por el Parque Entre Nubes! En esta experiencia nos acompa\u00f1aron 23 asistentes de la Comunidad Biocirculo. Durante 2 horas, recorrimos senderos llenos de naturaleza, donde encontramos diversas especies de \u00e1rboles, mam\u00edferos, aves y reptiles. Tambi\u00e9n experimentamos ecosistemas como el humedal, bosque y subp\u00e1ramo. Y pudimos observar la ciudad desde un hermoso [&hellip;]<\/p>","protected":false},"author":1,"featured_media":877,"comment_status":"open","ping_status":"open","sticky":false,"template":"","format":"standard","meta":{"_monsterinsights_skip_tracking":false,"_monsterinsights_sitenote_active":false,"_monsterinsights_sitenote_note":"","_monsterinsights_sitenote_category":0,"_uf_show_specific_survey":0,"_uf_disable_surveys":false,"footnotes":""},"categories":[26,25],"tags":[],"class_list":["post-880","post","type-post","status-publish","format-standard","has-post-thumbnail","hentry","category-consumidores","category-noticias"],"yoast_head":"<!-- This site is optimized with the Yoast SEO plugin v27.2 - https:\/\/yoast.com\/product\/yoast-seo-wordpress\/ -->\n<title>Caminata por el Parque Ecol\u00f3gico Entre Nubes - Biocirculo<\/title>\n<meta name=\"robots\" content=\"index, follow, max-snippet:-1, max-image-preview:large, max-video-preview:-1\" \/>\n<link rel=\"canonical\" href=\"https:\/\/biocirculo.com\/en\/caminata-por-el-parque-ecologico-entre-nubes\/\" \/>\n<meta property=\"og:locale\" content=\"en_US\" \/>\n<meta property=\"og:type\" content=\"article\" \/>\n<meta property=\"og:title\" content=\"Caminata por el Parque Ecol\u00f3gico Entre Nubes - Biocirculo\" \/>\n<meta property=\"og:description\" content=\"\u00a1As\u00ed vivimos la caminata por el Parque Entre Nubes! En esta experiencia nos acompa\u00f1aron 23 asistentes de la Comunidad Biocirculo. Durante 2 horas, recorrimos senderos llenos de naturaleza, donde encontramos diversas especies de \u00e1rboles, mam\u00edferos, aves y reptiles. Tambi\u00e9n experimentamos ecosistemas como el humedal, bosque y subp\u00e1ramo. Y pudimos observar la ciudad desde un hermoso [&hellip;]\" \/>\n<meta property=\"og:url\" content=\"https:\/\/biocirculo.com\/en\/caminata-por-el-parque-ecologico-entre-nubes\/\" \/>\n<meta property=\"og:site_name\" content=\"Biocirculo\" \/>\n<meta property=\"article:publisher\" content=\"https:\/\/www.facebook.com\/biocirculo\" \/>\n<meta property=\"article:published_time\" content=\"2024-05-18T03:47:07+00:00\" \/>\n<meta property=\"article:modified_time\" content=\"2024-07-03T20:14:54+00:00\" \/>\n<meta property=\"og:image\" content=\"https:\/\/biocirculo.com\/wp-content\/uploads\/2024\/06\/Noticia-2.jpg\" \/>\n\t<meta property=\"og:image:width\" content=\"1600\" \/>\n\t<meta property=\"og:image:height\" content=\"1200\" \/>\n\t<meta property=\"og:image:type\" content=\"image\/jpeg\" \/>\n<meta name=\"author\" content=\"admin\" \/>\n<meta name=\"twitter:card\" content=\"summary_large_image\" \/>\n<meta name=\"twitter:label1\" content=\"Written by\" \/>\n\t<meta name=\"twitter:data1\" content=\"admin\" \/>\n\t<meta name=\"twitter:label2\" content=\"Est. reading time\" \/>\n\t<meta name=\"twitter:data2\" content=\"1 minute\" \/>\n<script type=\"application\/ld+json\" class=\"yoast-schema-graph\">{\"@context\":\"https:\/\/schema.org\",\"@graph\":[{\"@type\":\"Article\",\"@id\":\"https:\/\/biocirculo.com\/caminata-por-el-parque-ecologico-entre-nubes\/#article\",\"isPartOf\":{\"@id\":\"https:\/\/biocirculo.com\/caminata-por-el-parque-ecologico-entre-nubes\/\"},\"author\":{\"name\":\"admin\",\"@id\":\"https:\/\/biocirculo.com\/en\/#\/schema\/person\/e6b92eda3a2f0dc8772709443addb611\"},\"headline\":\"Caminata por el Parque Ecol\u00f3gico Entre Nubes\",\"datePublished\":\"2024-05-18T03:47:07+00:00\",\"dateModified\":\"2024-07-03T20:14:54+00:00\",\"mainEntityOfPage\":{\"@id\":\"https:\/\/biocirculo.com\/caminata-por-el-parque-ecologico-entre-nubes\/\"},\"wordCount\":143,\"commentCount\":0,\"publisher\":{\"@id\":\"https:\/\/biocirculo.com\/en\/#organization\"},\"image\":{\"@id\":\"https:\/\/biocirculo.com\/caminata-por-el-parque-ecologico-entre-nubes\/#primaryimage\"},\"thumbnailUrl\":\"https:\/\/biocirculo.com\/wp-content\/uploads\/2024\/06\/Noticia-2.jpg\",\"articleSection\":[\"Consumidores\",\"Noticias\"],\"inLanguage\":\"en-US\",\"potentialAction\":[{\"@type\":\"CommentAction\",\"name\":\"Comment\",\"target\":[\"https:\/\/biocirculo.com\/caminata-por-el-parque-ecologico-entre-nubes\/#respond\"]}]},{\"@type\":\"WebPage\",\"@id\":\"https:\/\/biocirculo.com\/caminata-por-el-parque-ecologico-entre-nubes\/\",\"url\":\"https:\/\/biocirculo.com\/caminata-por-el-parque-ecologico-entre-nubes\/\",\"name\":\"Caminata por el Parque Ecol\u00f3gico Entre Nubes - Biocirculo\",\"isPartOf\":{\"@id\":\"https:\/\/biocirculo.com\/en\/#website\"},\"primaryImageOfPage\":{\"@id\":\"https:\/\/biocirculo.com\/caminata-por-el-parque-ecologico-entre-nubes\/#primaryimage\"},\"image\":{\"@id\":\"https:\/\/biocirculo.com\/caminata-por-el-parque-ecologico-entre-nubes\/#primaryimage\"},\"thumbnailUrl\":\"https:\/\/biocirculo.com\/wp-content\/uploads\/2024\/06\/Noticia-2.jpg\",\"datePublished\":\"2024-05-18T03:47:07+00:00\",\"dateModified\":\"2024-07-03T20:14:54+00:00\",\"breadcrumb\":{\"@id\":\"https:\/\/biocirculo.com\/caminata-por-el-parque-ecologico-entre-nubes\/#breadcrumb\"},\"inLanguage\":\"en-US\",\"potentialAction\":[{\"@type\":\"ReadAction\",\"target\":[\"https:\/\/biocirculo.com\/caminata-por-el-parque-ecologico-entre-nubes\/\"]}]},{\"@type\":\"ImageObject\",\"inLanguage\":\"en-US\",\"@id\":\"https:\/\/biocirculo.com\/caminata-por-el-parque-ecologico-entre-nubes\/#primaryimage\",\"url\":\"https:\/\/biocirculo.com\/wp-content\/uploads\/2024\/06\/Noticia-2.jpg\",\"contentUrl\":\"https:\/\/biocirculo.com\/wp-content\/uploads\/2024\/06\/Noticia-2.jpg\",\"width\":1600,\"height\":1200},{\"@type\":\"BreadcrumbList\",\"@id\":\"https:\/\/biocirculo.com\/caminata-por-el-parque-ecologico-entre-nubes\/#breadcrumb\",\"itemListElement\":[{\"@type\":\"ListItem\",\"position\":1,\"name\":\"Portada\",\"item\":\"https:\/\/biocirculo.com\/\"},{\"@type\":\"ListItem\",\"position\":2,\"name\":\"Caminata por el Parque Ecol\u00f3gico Entre Nubes\"}]},{\"@type\":\"WebSite\",\"@id\":\"https:\/\/biocirculo.com\/en\/#website\",\"url\":\"https:\/\/biocirculo.com\/en\/\",\"name\":\"Biocirculo\",\"description\":\"descripci\u00f3n empresa de reciclaje\",\"publisher\":{\"@id\":\"https:\/\/biocirculo.com\/en\/#organization\"},\"potentialAction\":[{\"@type\":\"SearchAction\",\"target\":{\"@type\":\"EntryPoint\",\"urlTemplate\":\"https:\/\/biocirculo.com\/en\/?s={search_term_string}\"},\"query-input\":{\"@type\":\"PropertyValueSpecification\",\"valueRequired\":true,\"valueName\":\"search_term_string\"}}],\"inLanguage\":\"en-US\"},{\"@type\":\"Organization\",\"@id\":\"https:\/\/biocirculo.com\/en\/#organization\",\"name\":\"Biocirculo\",\"url\":\"https:\/\/biocirculo.com\/en\/\",\"logo\":{\"@type\":\"ImageObject\",\"inLanguage\":\"en-US\",\"@id\":\"https:\/\/biocirculo.com\/en\/#\/schema\/logo\/image\/\",\"url\":\"https:\/\/biocirculo.com\/wp-content\/uploads\/2024\/05\/Logo-Biocirculo-ok.svg\",\"contentUrl\":\"https:\/\/biocirculo.com\/wp-content\/uploads\/2024\/05\/Logo-Biocirculo-ok.svg\",\"width\":476.80000000000001136868377216160297393798828125,\"height\":121.5,\"caption\":\"Biocirculo\"},\"image\":{\"@id\":\"https:\/\/biocirculo.com\/en\/#\/schema\/logo\/image\/\"},\"sameAs\":[\"https:\/\/www.facebook.com\/biocirculo\",\"https:\/\/www.instagram.com\/comunidad_biocirculo\/?hl=es\"]},{\"@type\":\"Person\",\"@id\":\"https:\/\/biocirculo.com\/en\/#\/schema\/person\/e6b92eda3a2f0dc8772709443addb611\",\"name\":\"admin\",\"image\":{\"@type\":\"ImageObject\",\"inLanguage\":\"en-US\",\"@id\":\"https:\/\/secure.gravatar.com\/avatar\/f78822dfbf85fb2c42ce50c7821524dbe0eea5d8318da07dc9d0cefea295987b?s=96&d=mm&r=g\",\"url\":\"https:\/\/secure.gravatar.com\/avatar\/f78822dfbf85fb2c42ce50c7821524dbe0eea5d8318da07dc9d0cefea295987b?s=96&d=mm&r=g\",\"contentUrl\":\"https:\/\/secure.gravatar.com\/avatar\/f78822dfbf85fb2c42ce50c7821524dbe0eea5d8318da07dc9d0cefea295987b?s=96&d=mm&r=g\",\"caption\":\"admin\"},\"sameAs\":[\"https:\/\/2biocirculo2024.inkrementaldev.co\"],\"url\":\"https:\/\/biocirculo.com\/en\/author\/admin\/\"}]}<\/script>\n<!-- \/ Yoast SEO plugin. -->","yoast_head_json":{"title":"Caminata por el Parque Ecol\u00f3gico Entre Nubes - Biocirculo","robots":{"index":"index","follow":"follow","max-snippet":"max-snippet:-1","max-image-preview":"max-image-preview:large","max-video-preview":"max-video-preview:-1"},"canonical":"https:\/\/biocirculo.com\/en\/caminata-por-el-parque-ecologico-entre-nubes\/","og_locale":"en_US","og_type":"article","og_title":"Caminata por el Parque Ecol\u00f3gico Entre Nubes - Biocirculo","og_description":"\u00a1As\u00ed vivimos la caminata por el Parque Entre Nubes! En esta experiencia nos acompa\u00f1aron 23 asistentes de la Comunidad Biocirculo. Durante 2 horas, recorrimos senderos llenos de naturaleza, donde encontramos diversas especies de \u00e1rboles, mam\u00edferos, aves y reptiles. Tambi\u00e9n experimentamos ecosistemas como el humedal, bosque y subp\u00e1ramo. Y pudimos observar la ciudad desde un hermoso [&hellip;]","og_url":"https:\/\/biocirculo.com\/en\/caminata-por-el-parque-ecologico-entre-nubes\/","og_site_name":"Biocirculo","article_publisher":"https:\/\/www.facebook.com\/biocirculo","article_published_time":"2024-05-18T03:47:07+00:00","article_modified_time":"2024-07-03T20:14:54+00:00","og_image":[{"width":1600,"height":1200,"url":"https:\/\/biocirculo.com\/wp-content\/uploads\/2024\/06\/Noticia-2.jpg","type":"image\/jpeg"}],"author":"admin","twitter_card":"summary_large_image","twitter_misc":{"Written by":"admin","Est. reading time":"1 minute"},"schema":{"@context":"https:\/\/schema.org","@graph":[{"@type":"Article","@id":"https:\/\/biocirculo.com\/caminata-por-el-parque-ecologico-entre-nubes\/#article","isPartOf":{"@id":"https:\/\/biocirculo.com\/caminata-por-el-parque-ecologico-entre-nubes\/"},"author":{"name":"admin","@id":"https:\/\/biocirculo.com\/en\/#\/schema\/person\/e6b92eda3a2f0dc8772709443addb611"},"headline":"Caminata por el Parque Ecol\u00f3gico Entre Nubes","datePublished":"2024-05-18T03:47:07+00:00","dateModified":"2024-07-03T20:14:54+00:00","mainEntityOfPage":{"@id":"https:\/\/biocirculo.com\/caminata-por-el-parque-ecologico-entre-nubes\/"},"wordCount":143,"commentCount":0,"publisher":{"@id":"https:\/\/biocirculo.com\/en\/#organization"},"image":{"@id":"https:\/\/biocirculo.com\/caminata-por-el-parque-ecologico-entre-nubes\/#primaryimage"},"thumbnailUrl":"https:\/\/biocirculo.com\/wp-content\/uploads\/2024\/06\/Noticia-2.jpg","articleSection":["Consumidores","Noticias"],"inLanguage":"en-US","potentialAction":[{"@type":"CommentAction","name":"Comment","target":["https:\/\/biocirculo.com\/caminata-por-el-parque-ecologico-entre-nubes\/#respond"]}]},{"@type":"WebPage","@id":"https:\/\/biocirculo.com\/caminata-por-el-parque-ecologico-entre-nubes\/","url":"https:\/\/biocirculo.com\/caminata-por-el-parque-ecologico-entre-nubes\/","name":"Caminata por el Parque Ecol\u00f3gico Entre Nubes - Biocirculo","isPartOf":{"@id":"https:\/\/biocirculo.com\/en\/#website"},"primaryImageOfPage":{"@id":"https:\/\/biocirculo.com\/caminata-por-el-parque-ecologico-entre-nubes\/#primaryimage"},"image":{"@id":"https:\/\/biocirculo.com\/caminata-por-el-parque-ecologico-entre-nubes\/#primaryimage"},"thumbnailUrl":"https:\/\/biocirculo.com\/wp-content\/uploads\/2024\/06\/Noticia-2.jpg","datePublished":"2024-05-18T03:47:07+00:00","dateModified":"2024-07-03T20:14:54+00:00","breadcrumb":{"@id":"https:\/\/biocirculo.com\/caminata-por-el-parque-ecologico-entre-nubes\/#breadcrumb"},"inLanguage":"en-US","potentialAction":[{"@type":"ReadAction","target":["https:\/\/biocirculo.com\/caminata-por-el-parque-ecologico-entre-nubes\/"]}]},{"@type":"ImageObject","inLanguage":"en-US","@id":"https:\/\/biocirculo.com\/caminata-por-el-parque-ecologico-entre-nubes\/#primaryimage","url":"https:\/\/biocirculo.com\/wp-content\/uploads\/2024\/06\/Noticia-2.jpg","contentUrl":"https:\/\/biocirculo.com\/wp-content\/uploads\/2024\/06\/Noticia-2.jpg","width":1600,"height":1200},{"@type":"BreadcrumbList","@id":"https:\/\/biocirculo.com\/caminata-por-el-parque-ecologico-entre-nubes\/#breadcrumb","itemListElement":[{"@type":"ListItem","position":1,"name":"Portada","item":"https:\/\/biocirculo.com\/"},{"@type":"ListItem","position":2,"name":"Caminata por el Parque Ecol\u00f3gico Entre Nubes"}]},{"@type":"WebSite","@id":"https:\/\/biocirculo.com\/en\/#website","url":"https:\/\/biocirculo.com\/en\/","name":"Biocirculo","description":"descripci\u00f3n empresa de reciclaje","publisher":{"@id":"https:\/\/biocirculo.com\/en\/#organization"},"potentialAction":[{"@type":"SearchAction","target":{"@type":"EntryPoint","urlTemplate":"https:\/\/biocirculo.com\/en\/?s={search_term_string}"},"query-input":{"@type":"PropertyValueSpecification","valueRequired":true,"valueName":"search_term_string"}}],"inLanguage":"en-US"},{"@type":"Organization","@id":"https:\/\/biocirculo.com\/en\/#organization","name":"Biocirculo","url":"https:\/\/biocirculo.com\/en\/","logo":{"@type":"ImageObject","inLanguage":"en-US","@id":"https:\/\/biocirculo.com\/en\/#\/schema\/logo\/image\/","url":"https:\/\/biocirculo.com\/wp-content\/uploads\/2024\/05\/Logo-Biocirculo-ok.svg","contentUrl":"https:\/\/biocirculo.com\/wp-content\/uploads\/2024\/05\/Logo-Biocirculo-ok.svg","width":476.80000000000001136868377216160297393798828125,"height":121.5,"caption":"Biocirculo"},"image":{"@id":"https:\/\/biocirculo.com\/en\/#\/schema\/logo\/image\/"},"sameAs":["https:\/\/www.facebook.com\/biocirculo","https:\/\/www.instagram.com\/comunidad_biocirculo\/?hl=es"]},{"@type":"Person","@id":"https:\/\/biocirculo.com\/en\/#\/schema\/person\/e6b92eda3a2f0dc8772709443addb611","name":"admin","image":{"@type":"ImageObject","inLanguage":"en-US","@id":"https:\/\/secure.gravatar.com\/avatar\/f78822dfbf85fb2c42ce50c7821524dbe0eea5d8318da07dc9d0cefea295987b?s=96&d=mm&r=g","url":"https:\/\/secure.gravatar.com\/avatar\/f78822dfbf85fb2c42ce50c7821524dbe0eea5d8318da07dc9d0cefea295987b?s=96&d=mm&r=g","contentUrl":"https:\/\/secure.gravatar.com\/avatar\/f78822dfbf85fb2c42ce50c7821524dbe0eea5d8318da07dc9d0cefea295987b?s=96&d=mm&r=g","caption":"admin"},"sameAs":["https:\/\/2biocirculo2024.inkrementaldev.co"],"url":"https:\/\/biocirculo.com\/en\/author\/admin\/"}]}},"_links":{"self":[{"href":"https:\/\/biocirculo.com\/en\/wp-json\/wp\/v2\/posts\/880","targetHints":{"allow":["GET"]}}],"collection":[{"href":"https:\/\/biocirculo.com\/en\/wp-json\/wp\/v2\/posts"}],"about":[{"href":"https:\/\/biocirculo.com\/en\/wp-json\/wp\/v2\/types\/post"}],"author":[{"embeddable":true,"href":"https:\/\/biocirculo.com\/en\/wp-json\/wp\/v2\/users\/1"}],"replies":[{"embeddable":true,"href":"https:\/\/biocirculo.com\/en\/wp-json\/wp\/v2\/comments?post=880"}],"version-history":[{"count":0,"href":"https:\/\/biocirculo.com\/en\/wp-json\/wp\/v2\/posts\/880\/revisions"}],"wp:featuredmedia":[{"embeddable":true,"href":"https:\/\/biocirculo.com\/en\/wp-json\/wp\/v2\/media\/877"}],"wp:attachment":[{"href":"https:\/\/biocirculo.com\/en\/wp-json\/wp\/v2\/media?parent=880"}],"wp:term":[{"taxonomy":"category","embeddable":true,"href":"https:\/\/biocirculo.com\/en\/wp-json\/wp\/v2\/categories?post=880"},{"taxonomy":"post_tag","embeddable":true,"href":"https:\/\/biocirculo.com\/en\/wp-json\/wp\/v2\/tags?post=880"}],"curies":[{"name":"wp","href":"https:\/\/api.w.org\/{rel}","templated":true}]}}